{"id":1548,"date":"2023-04-09T17:56:44","date_gmt":"2023-04-09T15:56:44","guid":{"rendered":"https:\/\/grandesminivueltas.com\/?p=1548"},"modified":"2023-04-09T18:03:40","modified_gmt":"2023-04-09T16:03:40","slug":"paris-roubaix-masculina-resultados","status":"publish","type":"post","link":"https:\/\/grandesminivueltas.com\/index.php\/2023\/04\/09\/paris-roubaix-masculina-resultados\/","title":{"rendered":"Paris &#8211; Roubaix (masculina) &#8211; Resultados"},"content":{"rendered":"<p>Mathieu Van der Poel se lleva su cuarto monumento tras una exhibici\u00f3n de su equipo que tambi\u00e9n coloc\u00f3 a Jasper Philipsen en el segundo puesto, mientras Wout Van Aert fue tercero y complet\u00f3 el podio tras varias aver\u00edas y ca\u00eddas que afectaron a \u00e9l mismo y a su equipo.<\/p>\n<h3>Desglose de puntos<\/h3>\n<p><img loading=\"lazy\" decoding=\"async\" class=\"wp-image-1549 size-full alignnone\" src=\"https:\/\/grandesminivueltas.com\/wp-content\/uploads\/2023\/04\/WhatsApp-Image-2023-04-09-at-17.46.51.jpeg\" alt=\"\" width=\"326\" height=\"432\" srcset=\"https:\/\/grandesminivueltas.com\/wp-content\/uploads\/2023\/04\/WhatsApp-Image-2023-04-09-at-17.46.51.jpeg 326w, https:\/\/grandesminivueltas.com\/wp-content\/uploads\/2023\/04\/WhatsApp-Image-2023-04-09-at-17.46.51-226x300.jpeg 226w\" sizes=\"auto, (max-width: 326px) 100vw, 326px\" \/><\/p>\n<h3>Clasificaci\u00f3n<\/h3>\n<p><img loading=\"lazy\" decoding=\"async\" class=\"alignnone wp-image-1555 size-full\" src=\"https:\/\/grandesminivueltas.com\/wp-content\/uploads\/2023\/04\/WhatsApp-Image-2023-04-09-at-18.01.51.jpeg\" alt=\"\" width=\"411\" height=\"247\" srcset=\"https:\/\/grandesminivueltas.com\/wp-content\/uploads\/2023\/04\/WhatsApp-Image-2023-04-09-at-18.01.51.jpeg 411w, https:\/\/grandesminivueltas.com\/wp-content\/uploads\/2023\/04\/WhatsApp-Image-2023-04-09-at-18.01.51-300x180.jpeg 300w\" sizes=\"auto, (max-width: 411px) 100vw, 411px\" \/><br \/>\n<img loading=\"lazy\" decoding=\"async\" class=\"alignnone wp-image-1551 size-full\" src=\"https:\/\/grandesminivueltas.com\/wp-content\/uploads\/2023\/04\/WhatsApp-Image-2023-04-09-at-17.50.48.jpeg\" alt=\"\" width=\"411\" height=\"937\" srcset=\"https:\/\/grandesminivueltas.com\/wp-content\/uploads\/2023\/04\/WhatsApp-Image-2023-04-09-at-17.50.48.jpeg 411w, https:\/\/grandesminivueltas.com\/wp-content\/uploads\/2023\/04\/WhatsApp-Image-2023-04-09-at-17.50.48-132x300.jpeg 132w\" sizes=\"auto, (max-width: 411px) 100vw, 411px\" \/><br \/>\n<img loading=\"lazy\" decoding=\"async\" class=\"alignnone wp-image-1552 size-full\" src=\"https:\/\/grandesminivueltas.com\/wp-content\/uploads\/2023\/04\/WhatsApp-Image-2023-04-09-at-17.51.10.jpeg\" alt=\"\" width=\"411\" height=\"1153\" srcset=\"https:\/\/grandesminivueltas.com\/wp-content\/uploads\/2023\/04\/WhatsApp-Image-2023-04-09-at-17.51.10.jpeg 411w, https:\/\/grandesminivueltas.com\/wp-content\/uploads\/2023\/04\/WhatsApp-Image-2023-04-09-at-17.51.10-107x300.jpeg 107w, https:\/\/grandesminivueltas.com\/wp-content\/uploads\/2023\/04\/WhatsApp-Image-2023-04-09-at-17.51.10-365x1024.jpeg 365w\" sizes=\"auto, (max-width: 411px) 100vw, 411px\" \/><\/p>\n<h3>Equipo del ganador<\/h3>\n<table width=\"533\">\n<tbody>\n<tr>\n<td width=\"160\"><strong>Jugador<\/strong><\/td>\n<td width=\"36\"><\/td>\n<td width=\"175\"><strong>Nombre<\/strong><\/td>\n<td width=\"81\"><strong>Precio<\/strong><\/td>\n<td width=\"81\"><strong>TOTAL<\/strong><\/td>\n<\/tr>\n<tr>\n<td><strong>alfrdjcuak<\/strong><\/td>\n<td>11<\/td>\n<td>K\u00dcNG Stefan<\/td>\n<td>250<\/td>\n<td>60<\/td>\n<\/tr>\n<tr>\n<td><\/td>\n<td>25<\/td>\n<td>PHILIPSEN Jasper<\/td>\n<td>250<\/td>\n<td>125<\/td>\n<\/tr>\n<tr>\n<td><\/td>\n<td>21<\/td>\n<td>VAN DER POEL Mathieu<\/td>\n<td>625<\/td>\n<td>200<\/td>\n<\/tr>\n<tr>\n<td><\/td>\n<td>51<\/td>\n<td>PEDERSEN Mads<\/td>\n<td>350<\/td>\n<td>80<\/td>\n<\/tr>\n<tr>\n<td><\/td>\n<td>181<\/td>\n<td>GARC\u00cdA CORTINA Iv\u00e1n<\/td>\n<td>175<\/td>\n<td>0<\/td>\n<\/tr>\n<tr>\n<td><\/td>\n<td>102<\/td>\n<td>DEWULF Stan<\/td>\n<td>100<\/td>\n<td>0<\/td>\n<\/tr>\n<tr>\n<td><\/td>\n<td>56<\/td>\n<td>THEUNS Edward<\/td>\n<td>125<\/td>\n<td>0<\/td>\n<\/tr>\n<tr>\n<td><\/td>\n<td>183<\/td>\n<td>JACOBS Johan<\/td>\n<td>75<\/td>\n<td>0<\/td>\n<\/tr>\n<tr>\n<td><\/td>\n<td>204<\/td>\n<td>SCULLY Tom<\/td>\n<td>50<\/td>\n<td>0<\/td>\n<\/tr>\n<tr>\n<td><\/td>\n<td><\/td>\n<td><strong>TOTAL<\/strong><\/td>\n<td><strong>2000<\/strong><\/td>\n<td><strong>465<\/strong><\/td>\n<\/tr>\n<\/tbody>\n<\/table>\n","protected":false},"excerpt":{"rendered":"<p>Mathieu Van der Poel se lleva su cuarto monumento tras una exhibici\u00f3n de su equipo que tambi\u00e9n coloc\u00f3 a Jasper Philipsen en el segundo puesto,<\/p>\n","protected":false},"author":2,"featured_media":1553,"comment_status":"open","ping_status":"open","sticky":false,"template":"","format":"standard","meta":{"footnotes":""},"categories":[25,5],"tags":[11,30,33,73,35],"class_list":["post-1548","post","type-post","status-publish","format-standard","has-post-thumbnail","hentry","category-masculinas-resultados","category-resultados","tag-11","tag-clasicas","tag-masculinas","tag-paris-roubaix","tag-wt"],"_links":{"self":[{"href":"https:\/\/grandesminivueltas.com\/index.php\/wp-json\/wp\/v2\/posts\/1548","targetHints":{"allow":["GET"]}}],"collection":[{"href":"https:\/\/grandesminivueltas.com\/index.php\/wp-json\/wp\/v2\/posts"}],"about":[{"href":"https:\/\/grandesminivueltas.com\/index.php\/wp-json\/wp\/v2\/types\/post"}],"author":[{"embeddable":true,"href":"https:\/\/grandesminivueltas.com\/index.php\/wp-json\/wp\/v2\/users\/2"}],"replies":[{"embeddable":true,"href":"https:\/\/grandesminivueltas.com\/index.php\/wp-json\/wp\/v2\/comments?post=1548"}],"version-history":[{"count":3,"href":"https:\/\/grandesminivueltas.com\/index.php\/wp-json\/wp\/v2\/posts\/1548\/revisions"}],"predecessor-version":[{"id":1557,"href":"https:\/\/grandesminivueltas.com\/index.php\/wp-json\/wp\/v2\/posts\/1548\/revisions\/1557"}],"wp:featuredmedia":[{"embeddable":true,"href":"https:\/\/grandesminivueltas.com\/index.php\/wp-json\/wp\/v2\/media\/1553"}],"wp:attachment":[{"href":"https:\/\/grandesminivueltas.com\/index.php\/wp-json\/wp\/v2\/media?parent=1548"}],"wp:term":[{"taxonomy":"category","embeddable":true,"href":"https:\/\/grandesminivueltas.com\/index.php\/wp-json\/wp\/v2\/categories?post=1548"},{"taxonomy":"post_tag","embeddable":true,"href":"https:\/\/grandesminivueltas.com\/index.php\/wp-json\/wp\/v2\/tags?post=1548"}],"curies":[{"name":"wp","href":"https:\/\/api.w.org\/{rel}","templated":true}]}}