{"id":3318,"date":"2023-07-06T22:28:04","date_gmt":"2023-07-06T20:28:04","guid":{"rendered":"https:\/\/grandesminivueltas.com\/?p=3318"},"modified":"2023-08-09T22:17:00","modified_gmt":"2023-08-09T20:17:00","slug":"calendario-3o-trimestre","status":"publish","type":"post","link":"https:\/\/grandesminivueltas.com\/index.php\/2023\/07\/06\/calendario-3o-trimestre\/","title":{"rendered":"Calendario 3\u00ba Trimestre"},"content":{"rendered":"<p>La primera carrera del trimestre ya est\u00e1 en marcha, nada m\u00e1s y nada menos que el Tour de Francia. A continuaci\u00f3n mostramos el calendario previsto que, como siempre, puede ser modificado por causas de inter\u00e9s de la propia carrera (mala participaci\u00f3n, cobertura o falta de informaci\u00f3n previa fiable a tiempo) o log\u00edstica de la organizaci\u00f3n del juego (las manos son limitadas).<\/p>\n<p><strong>CALENDARIO FIJO<\/strong><\/p>\n<p>Son las pruebas que, salvo gran sorpresa, se har\u00e1n.<\/p>\n<p><img loading=\"lazy\" decoding=\"async\" class=\"alignnone wp-image-3321 size-full\" src=\"https:\/\/grandesminivueltas.com\/wp-content\/uploads\/2023\/08\/Calendario-3oT.jpeg\" alt=\"\" width=\"525\" height=\"398\" srcset=\"https:\/\/grandesminivueltas.com\/wp-content\/uploads\/2023\/08\/Calendario-3oT.jpeg 525w, https:\/\/grandesminivueltas.com\/wp-content\/uploads\/2023\/08\/Calendario-3oT-300x227.jpeg 300w\" sizes=\"auto, (max-width: 525px) 100vw, 525px\" \/><\/p>\n<p><strong>CALENDARIO OPCIONAL<\/strong><\/p>\n<p>Estas pruebas es probable que no se hagan, pero se tienen en cuenta por si hubiera posibilidad de realizarlas.<\/p>\n<div class=\"su-table su-table-responsive su-table-alternate\">\n<table width=\"472\">\n<tbody>\n<tr>\n<td width=\"90\">09.08<\/td>\n<td width=\"307\">World Championships MU &#8211; ITT<\/td>\n<td width=\"75\">WC<\/td>\n<\/tr>\n<tr>\n<td>12.08<\/td>\n<td>World Championships MU &#8211; Road Race<\/td>\n<td>WC<\/td>\n<\/tr>\n<tr>\n<td>15.08 &#8211; 19.08<\/td>\n<td>PostNord Danmark Rundt &#8211; Tour of Denmark<\/td>\n<td>2.Pro<\/td>\n<\/tr>\n<tr>\n<td>15.08 &#8211; 19.08<\/td>\n<td>Vuelta a Burgos<\/td>\n<td>2.Pro<\/td>\n<\/tr>\n<tr>\n<td>19.08 &#8211; 27.08<\/td>\n<td>Tour de l&#8217;Avenir<\/td>\n<td>2.Ncup<\/td>\n<\/tr>\n<tr>\n<td>23.08 &#8211; 27.08<\/td>\n<td>Deutschland Tour<\/td>\n<td>2.Pro<\/td>\n<\/tr>\n<tr>\n<td>03.09 &#8211; 10.09<\/td>\n<td>Tour of Britain<\/td>\n<td>2.Pro<\/td>\n<\/tr>\n<tr>\n<td>19.09<\/td>\n<td>European Continental Championships &#8211; ITT<\/td>\n<td>CC<\/td>\n<\/tr>\n<tr>\n<td>19.09<\/td>\n<td>European Continental Championships U23 &#8211; ITT<\/td>\n<td>CC<\/td>\n<\/tr>\n<tr>\n<td>20.09<\/td>\n<td>European Continental Championships WU &#8211; ITT<\/td>\n<td>CC<\/td>\n<\/tr>\n<tr>\n<td>20.09<\/td>\n<td>European Continental Championships WE &#8211; ITT<\/td>\n<td>CC<\/td>\n<\/tr>\n<tr>\n<td>20.09 &#8211; 24.09<\/td>\n<td>Skoda Tour Luxembourg<\/td>\n<td>2.Pro<\/td>\n<\/tr>\n<tr>\n<td>21.09<\/td>\n<td>European Continental Championships U23 &#8211; Road Race<\/td>\n<td>CC<\/td>\n<\/tr>\n<tr>\n<td>23.09 &#8211; 30.09<\/td>\n<td>PETRONAS Le Tour de Langkawi<\/td>\n<td>2.Pro<\/td>\n<\/tr>\n<tr>\n<td>30.09<\/td>\n<td>Giro dell&#8217;Emilia<\/td>\n<td>1.Pro<\/td>\n<\/tr>\n<tr>\n<td>30.09<\/td>\n<td>Giro dell&#8217;Emilia Internazionale Donne Elite<\/td>\n<td>1.Pro<\/td>\n<\/tr>\n<\/tbody>\n<\/table>\n<\/div>\n","protected":false},"excerpt":{"rendered":"<p>La primera carrera del trimestre ya est\u00e1 en marcha, nada m\u00e1s y nada menos que el Tour de Francia. A continuaci\u00f3n mostramos el calendario previsto<\/p>\n","protected":false},"author":2,"featured_media":3320,"comment_status":"open","ping_status":"open","sticky":false,"template":"","format":"standard","meta":{"footnotes":""},"categories":[4,24,21,23,28],"tags":[11,52,30,34,31,33,13,32],"class_list":["post-3318","post","type-post","status-publish","format-standard","has-post-thumbnail","hentry","category-carreras","category-femeninas-carreras","category-grandes-vueltas-carreras","category-masculinas-carreras","category-sub23-carreras","tag-11","tag-calendario","tag-clasicas","tag-femeninas","tag-grandes-vueltas","tag-masculinas","tag-sub-23","tag-vueltas"],"_links":{"self":[{"href":"https:\/\/grandesminivueltas.com\/index.php\/wp-json\/wp\/v2\/posts\/3318","targetHints":{"allow":["GET"]}}],"collection":[{"href":"https:\/\/grandesminivueltas.com\/index.php\/wp-json\/wp\/v2\/posts"}],"about":[{"href":"https:\/\/grandesminivueltas.com\/index.php\/wp-json\/wp\/v2\/types\/post"}],"author":[{"embeddable":true,"href":"https:\/\/grandesminivueltas.com\/index.php\/wp-json\/wp\/v2\/users\/2"}],"replies":[{"embeddable":true,"href":"https:\/\/grandesminivueltas.com\/index.php\/wp-json\/wp\/v2\/comments?post=3318"}],"version-history":[{"count":4,"href":"https:\/\/grandesminivueltas.com\/index.php\/wp-json\/wp\/v2\/posts\/3318\/revisions"}],"predecessor-version":[{"id":3353,"href":"https:\/\/grandesminivueltas.com\/index.php\/wp-json\/wp\/v2\/posts\/3318\/revisions\/3353"}],"wp:featuredmedia":[{"embeddable":true,"href":"https:\/\/grandesminivueltas.com\/index.php\/wp-json\/wp\/v2\/media\/3320"}],"wp:attachment":[{"href":"https:\/\/grandesminivueltas.com\/index.php\/wp-json\/wp\/v2\/media?parent=3318"}],"wp:term":[{"taxonomy":"category","embeddable":true,"href":"https:\/\/grandesminivueltas.com\/index.php\/wp-json\/wp\/v2\/categories?post=3318"},{"taxonomy":"post_tag","embeddable":true,"href":"https:\/\/grandesminivueltas.com\/index.php\/wp-json\/wp\/v2\/tags?post=3318"}],"curies":[{"name":"wp","href":"https:\/\/api.w.org\/{rel}","templated":true}]}}