{"id":416,"date":"2023-01-30T20:59:50","date_gmt":"2023-01-30T19:59:50","guid":{"rendered":"https:\/\/grandesminivueltas.com\/?p=416"},"modified":"2023-01-30T20:59:50","modified_gmt":"2023-01-30T19:59:50","slug":"vuelta-a-san-juan-clasificaciones-finales","status":"publish","type":"post","link":"https:\/\/grandesminivueltas.com\/index.php\/2023\/01\/30\/vuelta-a-san-juan-clasificaciones-finales\/","title":{"rendered":"Vuelta a San Juan &#8211; Clasificaciones finales"},"content":{"rendered":"<p>Miguel \u00c1ngel L\u00f3pez se coron\u00f3 como el vencedor de la Vuelta a San Juan 2023 tras superar sin problemas las dos etapas al sprint. Filippo Ganna y Sergio Higuita completaron el podio.<\/p>\n<h3>Desglose puntos por generales<\/h3>\n<p><img loading=\"lazy\" decoding=\"async\" class=\"alignnone size-full wp-image-417\" src=\"https:\/\/grandesminivueltas.com\/wp-content\/uploads\/2023\/01\/Desglose-por-generales.jpeg\" alt=\"\" width=\"276\" height=\"357\" srcset=\"https:\/\/grandesminivueltas.com\/wp-content\/uploads\/2023\/01\/Desglose-por-generales.jpeg 276w, https:\/\/grandesminivueltas.com\/wp-content\/uploads\/2023\/01\/Desglose-por-generales-232x300.jpeg 232w\" sizes=\"auto, (max-width: 276px) 100vw, 276px\" \/><\/p>\n<h3>Puntos por generales<\/h3>\n<h3><img loading=\"lazy\" decoding=\"async\" class=\"alignnone size-full wp-image-418\" src=\"https:\/\/grandesminivueltas.com\/wp-content\/uploads\/2023\/01\/Puntos-por-generales.jpeg\" alt=\"\" width=\"251\" height=\"1600\" srcset=\"https:\/\/grandesminivueltas.com\/wp-content\/uploads\/2023\/01\/Puntos-por-generales.jpeg 251w, https:\/\/grandesminivueltas.com\/wp-content\/uploads\/2023\/01\/Puntos-por-generales-47x300.jpeg 47w, https:\/\/grandesminivueltas.com\/wp-content\/uploads\/2023\/01\/Puntos-por-generales-241x1536.jpeg 241w\" sizes=\"auto, (max-width: 251px) 100vw, 251px\" \/><\/h3>\n<h3>Clasificaci\u00f3n general final Vuelta a San Juan<\/h3>\n<p><img loading=\"lazy\" decoding=\"async\" class=\"alignnone size-full wp-image-419\" src=\"https:\/\/grandesminivueltas.com\/wp-content\/uploads\/2023\/01\/Clasificacion-general-San-Juan.jpeg\" alt=\"\" width=\"291\" height=\"1600\" srcset=\"https:\/\/grandesminivueltas.com\/wp-content\/uploads\/2023\/01\/Clasificacion-general-San-Juan.jpeg 291w, https:\/\/grandesminivueltas.com\/wp-content\/uploads\/2023\/01\/Clasificacion-general-San-Juan-186x1024.jpeg 186w\" sizes=\"auto, (max-width: 291px) 100vw, 291px\" \/><\/p>\n<h3>Equipo del ganador<\/h3>\n<p><img loading=\"lazy\" decoding=\"async\" class=\"alignnone size-full wp-image-420\" src=\"https:\/\/grandesminivueltas.com\/wp-content\/uploads\/2023\/01\/Equipo-ganador.jpeg\" alt=\"\" width=\"1017\" height=\"204\" srcset=\"https:\/\/grandesminivueltas.com\/wp-content\/uploads\/2023\/01\/Equipo-ganador.jpeg 1017w, https:\/\/grandesminivueltas.com\/wp-content\/uploads\/2023\/01\/Equipo-ganador-300x60.jpeg 300w, https:\/\/grandesminivueltas.com\/wp-content\/uploads\/2023\/01\/Equipo-ganador-768x154.jpeg 768w\" sizes=\"auto, (max-width: 1017px) 100vw, 1017px\" \/><\/p>\n<h3>Ciclistas ordenados por puntos<\/h3>\n<p><img loading=\"lazy\" decoding=\"async\" class=\"alignnone size-full wp-image-421\" src=\"https:\/\/grandesminivueltas.com\/wp-content\/uploads\/2023\/01\/Ciclistas-con-mas-puntos.jpeg\" alt=\"\" width=\"352\" height=\"1600\" srcset=\"https:\/\/grandesminivueltas.com\/wp-content\/uploads\/2023\/01\/Ciclistas-con-mas-puntos.jpeg 352w, https:\/\/grandesminivueltas.com\/wp-content\/uploads\/2023\/01\/Ciclistas-con-mas-puntos-66x300.jpeg 66w, https:\/\/grandesminivueltas.com\/wp-content\/uploads\/2023\/01\/Ciclistas-con-mas-puntos-225x1024.jpeg 225w, https:\/\/grandesminivueltas.com\/wp-content\/uploads\/2023\/01\/Ciclistas-con-mas-puntos-338x1536.jpeg 338w\" sizes=\"auto, (max-width: 352px) 100vw, 352px\" \/><\/p>\n","protected":false},"excerpt":{"rendered":"<p>Miguel \u00c1ngel L\u00f3pez se coron\u00f3 como el vencedor de la Vuelta a San Juan 2023 tras superar sin problemas las dos etapas al sprint. Filippo<\/p>\n","protected":false},"author":1,"featured_media":422,"comment_status":"open","ping_status":"open","sticky":false,"template":"","format":"standard","meta":{"footnotes":""},"categories":[25,5],"tags":[11,33,48,32],"class_list":["post-416","post","type-post","status-publish","format-standard","has-post-thumbnail","hentry","category-masculinas-resultados","category-resultados","tag-11","tag-masculinas","tag-vuelta-a-san-juan","tag-vueltas"],"_links":{"self":[{"href":"https:\/\/grandesminivueltas.com\/index.php\/wp-json\/wp\/v2\/posts\/416","targetHints":{"allow":["GET"]}}],"collection":[{"href":"https:\/\/grandesminivueltas.com\/index.php\/wp-json\/wp\/v2\/posts"}],"about":[{"href":"https:\/\/grandesminivueltas.com\/index.php\/wp-json\/wp\/v2\/types\/post"}],"author":[{"embeddable":true,"href":"https:\/\/grandesminivueltas.com\/index.php\/wp-json\/wp\/v2\/users\/1"}],"replies":[{"embeddable":true,"href":"https:\/\/grandesminivueltas.com\/index.php\/wp-json\/wp\/v2\/comments?post=416"}],"version-history":[{"count":1,"href":"https:\/\/grandesminivueltas.com\/index.php\/wp-json\/wp\/v2\/posts\/416\/revisions"}],"predecessor-version":[{"id":423,"href":"https:\/\/grandesminivueltas.com\/index.php\/wp-json\/wp\/v2\/posts\/416\/revisions\/423"}],"wp:featuredmedia":[{"embeddable":true,"href":"https:\/\/grandesminivueltas.com\/index.php\/wp-json\/wp\/v2\/media\/422"}],"wp:attachment":[{"href":"https:\/\/grandesminivueltas.com\/index.php\/wp-json\/wp\/v2\/media?parent=416"}],"wp:term":[{"taxonomy":"category","embeddable":true,"href":"https:\/\/grandesminivueltas.com\/index.php\/wp-json\/wp\/v2\/categories?post=416"},{"taxonomy":"post_tag","embeddable":true,"href":"https:\/\/grandesminivueltas.com\/index.php\/wp-json\/wp\/v2\/tags?post=416"}],"curies":[{"name":"wp","href":"https:\/\/api.w.org\/{rel}","templated":true}]}}