{"id":685,"date":"2023-02-18T18:46:40","date_gmt":"2023-02-18T17:46:40","guid":{"rendered":"https:\/\/grandesminivueltas.com\/?p=685"},"modified":"2023-02-19T01:00:51","modified_gmt":"2023-02-19T00:00:51","slug":"setmana-ciclista-valencia-femines-3a-etapa","status":"publish","type":"post","link":"https:\/\/grandesminivueltas.com\/index.php\/2023\/02\/18\/setmana-ciclista-valencia-femines-3a-etapa\/","title":{"rendered":"Setmana Ciclista Valencia F\u00e8mines &#8211; 3\u00aa etapa"},"content":{"rendered":"<p>El primer d\u00eda para las corredoras de la general no decepcion\u00f3.\u00a0<strong>Annemiek Van Vleuten, Amanda Spratt\u00a0<\/strong>y\u00a0<strong>Ashleigh Moolman-Pasio\u00a0<\/strong>pusieron tierra de por medio con el resto del pelot\u00f3n tras un ataque de la neerlandesa en el\u00a0<strong>Alto de Tudons<\/strong>.\u00a0<strong>Moolman\u00a0<\/strong>venci\u00f3 en el sprint a tres y es l\u00edder de la general a falta de la \u00faltima etapa.<\/p>\n<h3>Desglose<\/h3>\n<p><img loading=\"lazy\" decoding=\"async\" class=\"alignnone wp-image-697 size-full\" src=\"https:\/\/grandesminivueltas.com\/wp-content\/uploads\/2023\/02\/WhatsApp-Image-2023-02-19-at-00.55.13.jpeg\" alt=\"\" width=\"326\" height=\"981\" srcset=\"https:\/\/grandesminivueltas.com\/wp-content\/uploads\/2023\/02\/WhatsApp-Image-2023-02-19-at-00.55.13.jpeg 326w, https:\/\/grandesminivueltas.com\/wp-content\/uploads\/2023\/02\/WhatsApp-Image-2023-02-19-at-00.55.13-100x300.jpeg 100w\" sizes=\"auto, (max-width: 326px) 100vw, 326px\" \/><\/p>\n<h3>Clasificaci\u00f3n etapa y general<\/h3>\n<p><img loading=\"lazy\" decoding=\"async\" class=\"alignnone wp-image-698 size-full\" src=\"https:\/\/grandesminivueltas.com\/wp-content\/uploads\/2023\/02\/WhatsApp-Image-2023-02-19-at-00.54.58.jpeg\" alt=\"\" width=\"460\" height=\"1600\" srcset=\"https:\/\/grandesminivueltas.com\/wp-content\/uploads\/2023\/02\/WhatsApp-Image-2023-02-19-at-00.54.58.jpeg 460w, https:\/\/grandesminivueltas.com\/wp-content\/uploads\/2023\/02\/WhatsApp-Image-2023-02-19-at-00.54.58-86x300.jpeg 86w, https:\/\/grandesminivueltas.com\/wp-content\/uploads\/2023\/02\/WhatsApp-Image-2023-02-19-at-00.54.58-294x1024.jpeg 294w, https:\/\/grandesminivueltas.com\/wp-content\/uploads\/2023\/02\/WhatsApp-Image-2023-02-19-at-00.54.58-442x1536.jpeg 442w\" sizes=\"auto, (max-width: 460px) 100vw, 460px\" \/><\/p>\n<h3>Equipo del ganador de la etapa<\/h3>\n<table width=\"642\">\n<tbody>\n<tr>\n<td width=\"160\"><strong>Jugador<\/strong><\/td>\n<td width=\"36\"><\/td>\n<td width=\"175\"><strong>Nombre<\/strong><\/td>\n<td width=\"160\"><strong>Equipo<\/strong><\/td>\n<td width=\"81\"><strong>Precio<\/strong><\/td>\n<td width=\"30\"><strong>Puntos<br \/>\nEt-3<\/strong><\/td>\n<\/tr>\n<tr>\n<td><strong>Borborka<\/strong><\/td>\n<td>111<\/td>\n<td>DRONOVA-BALABOLINA Tamara<\/td>\n<td>Israel Premier Tech Roland<\/td>\n<td>225<\/td>\n<td>0<\/td>\n<\/tr>\n<tr>\n<td><\/td>\n<td>11<\/td>\n<td>LUDWIG Cecilie Uttrup<\/td>\n<td>FDJ &#8211; SUEZ<\/td>\n<td>375<\/td>\n<td>18<\/td>\n<\/tr>\n<tr>\n<td><\/td>\n<td>202<\/td>\n<td>MOOLMAN Ashleigh<\/td>\n<td>AG Insurance &#8211; Soudal Quick-Step<\/td>\n<td>350<\/td>\n<td>58<\/td>\n<\/tr>\n<tr>\n<td><\/td>\n<td>101<\/td>\n<td>KASTELIJN Yara<\/td>\n<td>Fenix-Deceuninck<\/td>\n<td>200<\/td>\n<td>11<\/td>\n<\/tr>\n<tr>\n<td><\/td>\n<td>47<\/td>\n<td>AMIALIUSIK Alena<\/td>\n<td>UAE Team ADQ<\/td>\n<td>100<\/td>\n<td>0<\/td>\n<\/tr>\n<tr>\n<td><\/td>\n<td>92<\/td>\n<td>GARC\u00cdA Mavi<\/td>\n<td>Liv Racing TeqFind<\/td>\n<td>375<\/td>\n<td>15<\/td>\n<\/tr>\n<tr>\n<td><\/td>\n<td>96<\/td>\n<td>RAGUSA Katia<\/td>\n<td>Liv Racing TeqFind<\/td>\n<td>50<\/td>\n<td>6<\/td>\n<\/tr>\n<tr>\n<td><\/td>\n<td>26<\/td>\n<td>SPRATT Amanda<\/td>\n<td>Trek &#8211; Segafredo<\/td>\n<td>275<\/td>\n<td>37<\/td>\n<\/tr>\n<tr>\n<td><\/td>\n<td>203<\/td>\n<td>GHEKIERE Justine<\/td>\n<td>AG Insurance &#8211; Soudal Quick-Step<\/td>\n<td>50<\/td>\n<td>7<\/td>\n<\/tr>\n<tr>\n<td><\/td>\n<td><\/td>\n<td><strong>TOTAL<\/strong><\/td>\n<td><\/td>\n<td><strong>2000<\/strong><\/td>\n<td><strong>152<\/strong><\/td>\n<\/tr>\n<\/tbody>\n<\/table>\n<h3>Equipo del l\u00edder<\/h3>\n<table width=\"693\">\n<tbody>\n<tr>\n<td width=\"160\"><strong>Jugador<\/strong><\/td>\n<td width=\"36\"><\/td>\n<td width=\"175\"><strong>Nombre<\/strong><\/td>\n<td width=\"160\"><strong>Equipo<\/strong><\/td>\n<td width=\"81\"><strong>Precio<\/strong><\/td>\n<td width=\"81\"><strong>Puntos<br \/>\ntotales<\/strong><\/td>\n<\/tr>\n<tr>\n<td><strong>Yuberostar<\/strong><\/td>\n<td>11<\/td>\n<td>LUDWIG Cecilie Uttrup<\/td>\n<td>FDJ &#8211; SUEZ<\/td>\n<td>375<\/td>\n<td>51<\/td>\n<\/tr>\n<tr>\n<td><\/td>\n<td>21<\/td>\n<td>BALSAMO Elisa<\/td>\n<td>Trek &#8211; Segafredo<\/td>\n<td>325<\/td>\n<td>110<\/td>\n<\/tr>\n<tr>\n<td><\/td>\n<td>26<\/td>\n<td>SPRATT Amanda<\/td>\n<td>Trek &#8211; Segafredo<\/td>\n<td>275<\/td>\n<td>127<\/td>\n<\/tr>\n<tr>\n<td><\/td>\n<td>202<\/td>\n<td>MOOLMAN Ashleigh<\/td>\n<td>AG Insurance &#8211; Soudal Quick-Step<\/td>\n<td>350<\/td>\n<td>173<\/td>\n<\/tr>\n<tr>\n<td><\/td>\n<td>7<\/td>\n<td>SIERRA Arlenis<\/td>\n<td>Movistar Team<\/td>\n<td>200<\/td>\n<td>28<\/td>\n<\/tr>\n<tr>\n<td><\/td>\n<td>71<\/td>\n<td>LABECKI Coryn<\/td>\n<td>Team Jumbo-Visma<\/td>\n<td>175<\/td>\n<td>52<\/td>\n<\/tr>\n<tr>\n<td><\/td>\n<td>41<\/td>\n<td>BERTIZZOLO Sofia<\/td>\n<td>UAE Team ADQ<\/td>\n<td>150<\/td>\n<td>0<\/td>\n<\/tr>\n<tr>\n<td><\/td>\n<td>127<\/td>\n<td>BASILICO Valentina<\/td>\n<td>Bepink<\/td>\n<td>75<\/td>\n<td>0<\/td>\n<\/tr>\n<tr>\n<td><\/td>\n<td>204<\/td>\n<td>HENTTALA Lotta<\/td>\n<td>AG Insurance &#8211; Soudal Quick-Step<\/td>\n<td>75<\/td>\n<td>70<\/td>\n<\/tr>\n<tr>\n<td><\/td>\n<td><\/td>\n<td><strong>TOTAL<\/strong><\/td>\n<td><\/td>\n<td><strong>2000<\/strong><\/td>\n<td><strong>611<\/strong><\/td>\n<\/tr>\n<\/tbody>\n<\/table>\n","protected":false},"excerpt":{"rendered":"<p>El primer d\u00eda para las corredoras de la general no decepcion\u00f3.\u00a0Annemiek Van Vleuten, Amanda Spratt\u00a0y\u00a0Ashleigh Moolman-Pasio\u00a0pusieron tierra de por medio con el resto del pelot\u00f3n<\/p>\n","protected":false},"author":1,"featured_media":688,"comment_status":"open","ping_status":"open","sticky":false,"template":"","format":"standard","meta":{"footnotes":""},"categories":[26,5],"tags":[11,34,32],"class_list":["post-685","post","type-post","status-publish","format-standard","has-post-thumbnail","hentry","category-femeninas-resultados","category-resultados","tag-11","tag-femeninas","tag-vueltas"],"_links":{"self":[{"href":"https:\/\/grandesminivueltas.com\/index.php\/wp-json\/wp\/v2\/posts\/685","targetHints":{"allow":["GET"]}}],"collection":[{"href":"https:\/\/grandesminivueltas.com\/index.php\/wp-json\/wp\/v2\/posts"}],"about":[{"href":"https:\/\/grandesminivueltas.com\/index.php\/wp-json\/wp\/v2\/types\/post"}],"author":[{"embeddable":true,"href":"https:\/\/grandesminivueltas.com\/index.php\/wp-json\/wp\/v2\/users\/1"}],"replies":[{"embeddable":true,"href":"https:\/\/grandesminivueltas.com\/index.php\/wp-json\/wp\/v2\/comments?post=685"}],"version-history":[{"count":3,"href":"https:\/\/grandesminivueltas.com\/index.php\/wp-json\/wp\/v2\/posts\/685\/revisions"}],"predecessor-version":[{"id":699,"href":"https:\/\/grandesminivueltas.com\/index.php\/wp-json\/wp\/v2\/posts\/685\/revisions\/699"}],"wp:featuredmedia":[{"embeddable":true,"href":"https:\/\/grandesminivueltas.com\/index.php\/wp-json\/wp\/v2\/media\/688"}],"wp:attachment":[{"href":"https:\/\/grandesminivueltas.com\/index.php\/wp-json\/wp\/v2\/media?parent=685"}],"wp:term":[{"taxonomy":"category","embeddable":true,"href":"https:\/\/grandesminivueltas.com\/index.php\/wp-json\/wp\/v2\/categories?post=685"},{"taxonomy":"post_tag","embeddable":true,"href":"https:\/\/grandesminivueltas.com\/index.php\/wp-json\/wp\/v2\/tags?post=685"}],"curies":[{"name":"wp","href":"https:\/\/api.w.org\/{rel}","templated":true}]}}